{"id":15915,"date":"2026-04-27T10:44:30","date_gmt":"2026-04-27T13:44:30","guid":{"rendered":"https:\/\/www.casilda.gob.ar\/web\/?p=15915"},"modified":"2026-04-27T11:59:01","modified_gmt":"2026-04-27T14:59:01","slug":"encuentro-regional-para-abordar-el-consumo-problematico","status":"publish","type":"post","link":"https:\/\/www.casilda.gob.ar\/web\/encuentro-regional-para-abordar-el-consumo-problematico\/","title":{"rendered":"Encuentro regional para abordar el consumo problem\u00e1tico"},"content":{"rendered":"\n<p style=\"margin-bottom:var(--wp--preset--spacing--10)\"><strong>Casilda fue sede de un encuentro regional para abordar el consumo problem\u00e1tico.<br><\/strong>La Municipalidad de Casilda encabez\u00f3 un importante encuentro regional destinado a abordar de manera conjunta el consumo problem\u00e1tico, consolidando su rol como ciudad referente en la articulaci\u00f3n de pol\u00edticas p\u00fablicas en el territorio.<\/p>\n\n\n\n<p style=\"margin-bottom:var(--wp--preset--spacing--10)\"><strong>La jornada, realizada el pasado 21 de abril, fue impulsada en conjunto con la Agencia de Prevenci\u00f3n del Consumo de Drogas y Tratamiento Integral de las Adicciones (APRECOD), dependiente del Ministerio de Desarrollo Humano de la Provincia de Santa Fe.<\/strong><\/p>\n\n\n\n<p style=\"margin-bottom:var(--wp--preset--spacing--10)\"><strong>Del encuentro participaron el intendente Guillermo Franchella, junto a \u00e1reas clave del Municipio como Salud y Desarrollo Social, adem\u00e1s de presidentes comunales, concejales e instituciones del Departamento Caseros vinculadas a la tem\u00e1tica.<\/strong><\/p>\n\n\n\n<p style=\"margin-bottom:var(--wp--preset--spacing--10)\"><strong>En representaci\u00f3n de APRECOD estuvieron presentes Ariel Rodas, Director Provincial de Prevenci\u00f3n y Monitoreo Territorial; Andr\u00e9s Carassai, Director de Abordaje Terap\u00e9utico; junto a funcionarios provinciales como Mat\u00edas Dichiara, coordinador departamental del Ministerio de Gobierno; Mauricio Maroevich, Subdirector Provincial de Investigaci\u00f3n Criminal del Gobierno de Santa Fe; y el jefe de la Unidad Regional IV, Ra\u00fal Oscar Romero.<\/strong><\/p>\n\n\n\n<p style=\"margin-bottom:var(--wp--preset--spacing--10)\">Durante la jornada, cada localidad pudo compartir sus experiencias, mientras que desde la Agencia se presentaron los distintos programas disponibles, generando un espacio de intercambio que permiti\u00f3 identificar problem\u00e1ticas comunes y avanzar en l\u00edneas de trabajo conjunto.<\/p>\n\n\n\n<p style=\"margin-bottom:var(--wp--preset--spacing--10)\">Este tipo de instancias reflejan una decisi\u00f3n clara de la gesti\u00f3n del intendente Guillermo Franchella: trabajar de manera articulada con la provincia y las localidades de la regi\u00f3n para dar respuestas integrales a problem\u00e1ticas complejas, poniendo en el centro la prevenci\u00f3n, el acompa\u00f1amiento y la construcci\u00f3n de redes.<\/p>\n\n\n\n<p style=\"margin-bottom:var(--wp--preset--spacing--10)\">Seguimos destacando la importancia de sostener estos espacios de di\u00e1logo y coordinaci\u00f3n, que permiten fortalecer las pol\u00edticas p\u00fablicas y proyectar nuevas acciones conjuntas en beneficio de la comunidad. Seguimos construyendo futuro.<\/p>\n\n\n\n<figure class=\"wp-block-gallery has-nested-images columns-default is-cropped wp-block-gallery-1 is-layout-flex wp-block-gallery-is-layout-flex\" style=\"padding-right:var(--wp--preset--spacing--60);padding-left:var(--wp--preset--spacing--60)\">\n<figure data-wp-context=\"{&quot;imageId&quot;:&quot;69efaeaf0aa38&quot;}\" data-wp-interactive=\"core\/image\" class=\"wp-block-image size-large wp-lightbox-container\"><img loading=\"lazy\" decoding=\"async\" width=\"768\" height=\"1024\" data-wp-class--hide=\"state.isContentHidden\" data-wp-class--show=\"state.isContentVisible\" data-wp-init=\"callbacks.setButtonStyles\" data-wp-on-async--click=\"actions.showLightbox\" data-wp-on-async--load=\"callbacks.setButtonStyles\" data-wp-on-async-window--resize=\"callbacks.setButtonStyles\" data-id=\"15917\" src=\"https:\/\/www.casilda.gob.ar\/web\/wp-content\/uploads\/2026\/04\/WhatsApp-Image-2026-04-22-at-08.57.00-768x1024.jpeg\" alt=\"\" class=\"wp-image-15917\" srcset=\"https:\/\/www.casilda.gob.ar\/web\/wp-content\/uploads\/2026\/04\/WhatsApp-Image-2026-04-22-at-08.57.00-768x1024.jpeg 768w, https:\/\/www.casilda.gob.ar\/web\/wp-content\/uploads\/2026\/04\/WhatsApp-Image-2026-04-22-at-08.57.00-225x300.jpeg 225w, https:\/\/www.casilda.gob.ar\/web\/wp-content\/uploads\/2026\/04\/WhatsApp-Image-2026-04-22-at-08.57.00.jpeg 960w\" sizes=\"auto, (max-width: 768px) 100vw, 768px\" \/><button\n\t\t\tclass=\"lightbox-trigger\"\n\t\t\ttype=\"button\"\n\t\t\taria-haspopup=\"dialog\"\n\t\t\taria-label=\"Ampliar la imagen\"\n\t\t\tdata-wp-init=\"callbacks.initTriggerButton\"\n\t\t\tdata-wp-on-async--click=\"actions.showLightbox\"\n\t\t\tdata-wp-style--right=\"state.imageButtonRight\"\n\t\t\tdata-wp-style--top=\"state.imageButtonTop\"\n\t\t>\n\t\t\t<svg xmlns=\"http:\/\/www.w3.org\/2000\/svg\" width=\"12\" height=\"12\" fill=\"none\" viewBox=\"0 0 12 12\">\n\t\t\t\t<path fill=\"#fff\" d=\"M2 0a2 2 0 0 0-2 2v2h1.5V2a.5.5 0 0 1 .5-.5h2V0H2Zm2 10.5H2a.5.5 0 0 1-.5-.5V8H0v2a2 2 0 0 0 2 2h2v-1.5ZM8 12v-1.5h2a.5.5 0 0 0 .5-.5V8H12v2a2 2 0 0 1-2 2H8Zm2-12a2 2 0 0 1 2 2v2h-1.5V2a.5.5 0 0 0-.5-.5H8V0h2Z\" \/>\n\t\t\t<\/svg>\n\t\t<\/button><\/figure>\n\n\n\n<figure data-wp-context=\"{&quot;imageId&quot;:&quot;69efaeaf0ac99&quot;}\" data-wp-interactive=\"core\/image\" class=\"wp-block-image size-large wp-lightbox-container\"><img loading=\"lazy\" decoding=\"async\" width=\"1024\" height=\"768\" data-wp-class--hide=\"state.isContentHidden\" data-wp-class--show=\"state.isContentVisible\" data-wp-init=\"callbacks.setButtonStyles\" data-wp-on-async--click=\"actions.showLightbox\" data-wp-on-async--load=\"callbacks.setButtonStyles\" data-wp-on-async-window--resize=\"callbacks.setButtonStyles\" data-id=\"15918\" src=\"https:\/\/www.casilda.gob.ar\/web\/wp-content\/uploads\/2026\/04\/WhatsApp-Image-2026-04-22-at-08.57.04-1024x768.jpeg\" alt=\"\" class=\"wp-image-15918\" srcset=\"https:\/\/www.casilda.gob.ar\/web\/wp-content\/uploads\/2026\/04\/WhatsApp-Image-2026-04-22-at-08.57.04-1024x768.jpeg 1024w, https:\/\/www.casilda.gob.ar\/web\/wp-content\/uploads\/2026\/04\/WhatsApp-Image-2026-04-22-at-08.57.04-300x225.jpeg 300w, https:\/\/www.casilda.gob.ar\/web\/wp-content\/uploads\/2026\/04\/WhatsApp-Image-2026-04-22-at-08.57.04-768x576.jpeg 768w, https:\/\/www.casilda.gob.ar\/web\/wp-content\/uploads\/2026\/04\/WhatsApp-Image-2026-04-22-at-08.57.04.jpeg 1280w\" sizes=\"auto, (max-width: 1024px) 100vw, 1024px\" \/><button\n\t\t\tclass=\"lightbox-trigger\"\n\t\t\ttype=\"button\"\n\t\t\taria-haspopup=\"dialog\"\n\t\t\taria-label=\"Ampliar la imagen\"\n\t\t\tdata-wp-init=\"callbacks.initTriggerButton\"\n\t\t\tdata-wp-on-async--click=\"actions.showLightbox\"\n\t\t\tdata-wp-style--right=\"state.imageButtonRight\"\n\t\t\tdata-wp-style--top=\"state.imageButtonTop\"\n\t\t>\n\t\t\t<svg xmlns=\"http:\/\/www.w3.org\/2000\/svg\" width=\"12\" height=\"12\" fill=\"none\" viewBox=\"0 0 12 12\">\n\t\t\t\t<path fill=\"#fff\" d=\"M2 0a2 2 0 0 0-2 2v2h1.5V2a.5.5 0 0 1 .5-.5h2V0H2Zm2 10.5H2a.5.5 0 0 1-.5-.5V8H0v2a2 2 0 0 0 2 2h2v-1.5ZM8 12v-1.5h2a.5.5 0 0 0 .5-.5V8H12v2a2 2 0 0 1-2 2H8Zm2-12a2 2 0 0 1 2 2v2h-1.5V2a.5.5 0 0 0-.5-.5H8V0h2Z\" \/>\n\t\t\t<\/svg>\n\t\t<\/button><\/figure>\n<\/figure>\n","protected":false},"excerpt":{"rendered":"<p>Casilda fue sede de un encuentro regional para abordar el consumo problem\u00e1tico.La Municipalidad de Casilda encabez\u00f3 un importante encuentro regional destinado a abordar de manera conjunta el consumo problem\u00e1tico, consolidando su rol como ciudad referente en la articulaci\u00f3n de pol\u00edticas p\u00fablicas en el territorio. La jornada, realizada el pasado 21 de abril, fue impulsada en [&hellip;]<\/p>\n","protected":false},"author":1,"featured_media":15916,"comment_status":"open","ping_status":"open","sticky":false,"template":"","format":"standard","meta":{"_uag_custom_page_level_css":"","footnotes":""},"categories":[47,33,16],"tags":[],"class_list":["post-15915","post","type-post","status-publish","format-standard","has-post-thumbnail","hentry","category-desarollo","category-inicio","category-noticias"],"yoast_head":"<!-- This site is optimized with the Yoast SEO plugin v26.8 - https:\/\/yoast.com\/product\/yoast-seo-wordpress\/ -->\n<title>Encuentro regional para abordar el consumo problem\u00e1tico - Municipalidad de Casilda<\/title>\n<meta name=\"description\" content=\"La Municipalidad de Casilda encabez\u00f3 un importante encuentro regional destinado a abordar de manera conjunta el consumo problem\u00e1tico\" \/>\n<meta name=\"robots\" content=\"index, follow, max-snippet:-1, max-image-preview:large, max-video-preview:-1\" \/>\n<link rel=\"canonical\" href=\"https:\/\/www.casilda.gob.ar\/web\/encuentro-regional-para-abordar-el-consumo-problematico\/\" \/>\n<meta property=\"og:locale\" content=\"es_ES\" \/>\n<meta property=\"og:type\" content=\"article\" \/>\n<meta property=\"og:title\" content=\"Encuentro regional para abordar el consumo problem\u00e1tico - Municipalidad de Casilda\" \/>\n<meta property=\"og:description\" content=\"La Municipalidad de Casilda encabez\u00f3 un importante encuentro regional destinado a abordar de manera conjunta el consumo problem\u00e1tico\" \/>\n<meta property=\"og:url\" content=\"https:\/\/www.casilda.gob.ar\/web\/encuentro-regional-para-abordar-el-consumo-problematico\/\" \/>\n<meta property=\"og:site_name\" content=\"Municipalidad de Casilda\" \/>\n<meta property=\"article:published_time\" content=\"2026-04-27T13:44:30+00:00\" \/>\n<meta property=\"article:modified_time\" content=\"2026-04-27T14:59:01+00:00\" \/>\n<meta property=\"og:image\" content=\"https:\/\/www.casilda.gob.ar\/web\/wp-content\/uploads\/2026\/04\/PORTADA-NOTICIAS-2026-04-27T101152.435.png\" \/>\n\t<meta property=\"og:image:width\" content=\"1920\" \/>\n\t<meta property=\"og:image:height\" content=\"300\" \/>\n\t<meta property=\"og:image:type\" content=\"image\/png\" \/>\n<meta name=\"author\" content=\"Municipalidad Casilda\" \/>\n<meta name=\"twitter:card\" content=\"summary_large_image\" \/>\n<meta name=\"twitter:label1\" content=\"Escrito por\" \/>\n\t<meta name=\"twitter:data1\" content=\"Municipalidad Casilda\" \/>\n\t<meta name=\"twitter:label2\" content=\"Tiempo de lectura\" \/>\n\t<meta name=\"twitter:data2\" content=\"2 minutos\" \/>\n<script type=\"application\/ld+json\" class=\"yoast-schema-graph\">{\"@context\":\"https:\/\/schema.org\",\"@graph\":[{\"@type\":\"Article\",\"@id\":\"https:\/\/www.casilda.gob.ar\/web\/encuentro-regional-para-abordar-el-consumo-problematico\/#article\",\"isPartOf\":{\"@id\":\"https:\/\/www.casilda.gob.ar\/web\/encuentro-regional-para-abordar-el-consumo-problematico\/\"},\"author\":{\"name\":\"Municipalidad Casilda\",\"@id\":\"https:\/\/www.casilda.gob.ar\/web\/#\/schema\/person\/58b33e8739c17939e823ddc9bfedd309\"},\"headline\":\"Encuentro regional para abordar el consumo problem\u00e1tico\",\"datePublished\":\"2026-04-27T13:44:30+00:00\",\"dateModified\":\"2026-04-27T14:59:01+00:00\",\"mainEntityOfPage\":{\"@id\":\"https:\/\/www.casilda.gob.ar\/web\/encuentro-regional-para-abordar-el-consumo-problematico\/\"},\"wordCount\":325,\"commentCount\":0,\"image\":{\"@id\":\"https:\/\/www.casilda.gob.ar\/web\/encuentro-regional-para-abordar-el-consumo-problematico\/#primaryimage\"},\"thumbnailUrl\":\"https:\/\/www.casilda.gob.ar\/web\/wp-content\/uploads\/2026\/04\/PORTADA-NOTICIAS-2026-04-27T101152.435.png\",\"articleSection\":[\"Desarollo\",\"Inicio\",\"Noticias\"],\"inLanguage\":\"es\",\"potentialAction\":[{\"@type\":\"CommentAction\",\"name\":\"Comment\",\"target\":[\"https:\/\/www.casilda.gob.ar\/web\/encuentro-regional-para-abordar-el-consumo-problematico\/#respond\"]}]},{\"@type\":\"WebPage\",\"@id\":\"https:\/\/www.casilda.gob.ar\/web\/encuentro-regional-para-abordar-el-consumo-problematico\/\",\"url\":\"https:\/\/www.casilda.gob.ar\/web\/encuentro-regional-para-abordar-el-consumo-problematico\/\",\"name\":\"Encuentro regional para abordar el consumo problem\u00e1tico - Municipalidad de Casilda\",\"isPartOf\":{\"@id\":\"https:\/\/www.casilda.gob.ar\/web\/#website\"},\"primaryImageOfPage\":{\"@id\":\"https:\/\/www.casilda.gob.ar\/web\/encuentro-regional-para-abordar-el-consumo-problematico\/#primaryimage\"},\"image\":{\"@id\":\"https:\/\/www.casilda.gob.ar\/web\/encuentro-regional-para-abordar-el-consumo-problematico\/#primaryimage\"},\"thumbnailUrl\":\"https:\/\/www.casilda.gob.ar\/web\/wp-content\/uploads\/2026\/04\/PORTADA-NOTICIAS-2026-04-27T101152.435.png\",\"datePublished\":\"2026-04-27T13:44:30+00:00\",\"dateModified\":\"2026-04-27T14:59:01+00:00\",\"author\":{\"@id\":\"https:\/\/www.casilda.gob.ar\/web\/#\/schema\/person\/58b33e8739c17939e823ddc9bfedd309\"},\"description\":\"La Municipalidad de Casilda encabez\u00f3 un importante encuentro regional destinado a abordar de manera conjunta el consumo problem\u00e1tico\",\"breadcrumb\":{\"@id\":\"https:\/\/www.casilda.gob.ar\/web\/encuentro-regional-para-abordar-el-consumo-problematico\/#breadcrumb\"},\"inLanguage\":\"es\",\"potentialAction\":[{\"@type\":\"ReadAction\",\"target\":[\"https:\/\/www.casilda.gob.ar\/web\/encuentro-regional-para-abordar-el-consumo-problematico\/\"]}]},{\"@type\":\"ImageObject\",\"inLanguage\":\"es\",\"@id\":\"https:\/\/www.casilda.gob.ar\/web\/encuentro-regional-para-abordar-el-consumo-problematico\/#primaryimage\",\"url\":\"https:\/\/www.casilda.gob.ar\/web\/wp-content\/uploads\/2026\/04\/PORTADA-NOTICIAS-2026-04-27T101152.435.png\",\"contentUrl\":\"https:\/\/www.casilda.gob.ar\/web\/wp-content\/uploads\/2026\/04\/PORTADA-NOTICIAS-2026-04-27T101152.435.png\",\"width\":1920,\"height\":300},{\"@type\":\"BreadcrumbList\",\"@id\":\"https:\/\/www.casilda.gob.ar\/web\/encuentro-regional-para-abordar-el-consumo-problematico\/#breadcrumb\",\"itemListElement\":[{\"@type\":\"ListItem\",\"position\":1,\"name\":\"Inicio\",\"item\":\"https:\/\/www.casilda.gob.ar\/web\/\"},{\"@type\":\"ListItem\",\"position\":2,\"name\":\"Inicio\",\"item\":\"https:\/\/www.casilda.gob.ar\/web\/category\/inicio\/\"},{\"@type\":\"ListItem\",\"position\":3,\"name\":\"Encuentro regional para abordar el consumo problem\u00e1tico\"}]},{\"@type\":\"WebSite\",\"@id\":\"https:\/\/www.casilda.gob.ar\/web\/#website\",\"url\":\"https:\/\/www.casilda.gob.ar\/web\/\",\"name\":\"Municipalidad de Casilda\",\"description\":\"Construyendo Futuro\",\"potentialAction\":[{\"@type\":\"SearchAction\",\"target\":{\"@type\":\"EntryPoint\",\"urlTemplate\":\"https:\/\/www.casilda.gob.ar\/web\/?s={search_term_string}\"},\"query-input\":{\"@type\":\"PropertyValueSpecification\",\"valueRequired\":true,\"valueName\":\"search_term_string\"}}],\"inLanguage\":\"es\"},{\"@type\":\"Person\",\"@id\":\"https:\/\/www.casilda.gob.ar\/web\/#\/schema\/person\/58b33e8739c17939e823ddc9bfedd309\",\"name\":\"Municipalidad Casilda\",\"image\":{\"@type\":\"ImageObject\",\"inLanguage\":\"es\",\"@id\":\"https:\/\/www.casilda.gob.ar\/web\/#\/schema\/person\/image\/\",\"url\":\"https:\/\/secure.gravatar.com\/avatar\/652ec9fc17fb13bfc80cca0acb6c0f02?s=96&d=mm&r=g\",\"contentUrl\":\"https:\/\/secure.gravatar.com\/avatar\/652ec9fc17fb13bfc80cca0acb6c0f02?s=96&d=mm&r=g\",\"caption\":\"Municipalidad Casilda\"},\"sameAs\":[\"https:\/\/www.casilda.gob.ar\/web\"],\"url\":\"https:\/\/www.casilda.gob.ar\/web\/author\/admin\/\"}]}<\/script>\n<!-- \/ Yoast SEO plugin. -->","yoast_head_json":{"title":"Encuentro regional para abordar el consumo problem\u00e1tico - Municipalidad de Casilda","description":"La Municipalidad de Casilda encabez\u00f3 un importante encuentro regional destinado a abordar de manera conjunta el consumo problem\u00e1tico","robots":{"index":"index","follow":"follow","max-snippet":"max-snippet:-1","max-image-preview":"max-image-preview:large","max-video-preview":"max-video-preview:-1"},"canonical":"https:\/\/www.casilda.gob.ar\/web\/encuentro-regional-para-abordar-el-consumo-problematico\/","og_locale":"es_ES","og_type":"article","og_title":"Encuentro regional para abordar el consumo problem\u00e1tico - Municipalidad de Casilda","og_description":"La Municipalidad de Casilda encabez\u00f3 un importante encuentro regional destinado a abordar de manera conjunta el consumo problem\u00e1tico","og_url":"https:\/\/www.casilda.gob.ar\/web\/encuentro-regional-para-abordar-el-consumo-problematico\/","og_site_name":"Municipalidad de Casilda","article_published_time":"2026-04-27T13:44:30+00:00","article_modified_time":"2026-04-27T14:59:01+00:00","og_image":[{"width":1920,"height":300,"url":"https:\/\/www.casilda.gob.ar\/web\/wp-content\/uploads\/2026\/04\/PORTADA-NOTICIAS-2026-04-27T101152.435.png","type":"image\/png"}],"author":"Municipalidad Casilda","twitter_card":"summary_large_image","twitter_misc":{"Escrito por":"Municipalidad Casilda","Tiempo de lectura":"2 minutos"},"schema":{"@context":"https:\/\/schema.org","@graph":[{"@type":"Article","@id":"https:\/\/www.casilda.gob.ar\/web\/encuentro-regional-para-abordar-el-consumo-problematico\/#article","isPartOf":{"@id":"https:\/\/www.casilda.gob.ar\/web\/encuentro-regional-para-abordar-el-consumo-problematico\/"},"author":{"name":"Municipalidad Casilda","@id":"https:\/\/www.casilda.gob.ar\/web\/#\/schema\/person\/58b33e8739c17939e823ddc9bfedd309"},"headline":"Encuentro regional para abordar el consumo problem\u00e1tico","datePublished":"2026-04-27T13:44:30+00:00","dateModified":"2026-04-27T14:59:01+00:00","mainEntityOfPage":{"@id":"https:\/\/www.casilda.gob.ar\/web\/encuentro-regional-para-abordar-el-consumo-problematico\/"},"wordCount":325,"commentCount":0,"image":{"@id":"https:\/\/www.casilda.gob.ar\/web\/encuentro-regional-para-abordar-el-consumo-problematico\/#primaryimage"},"thumbnailUrl":"https:\/\/www.casilda.gob.ar\/web\/wp-content\/uploads\/2026\/04\/PORTADA-NOTICIAS-2026-04-27T101152.435.png","articleSection":["Desarollo","Inicio","Noticias"],"inLanguage":"es","potentialAction":[{"@type":"CommentAction","name":"Comment","target":["https:\/\/www.casilda.gob.ar\/web\/encuentro-regional-para-abordar-el-consumo-problematico\/#respond"]}]},{"@type":"WebPage","@id":"https:\/\/www.casilda.gob.ar\/web\/encuentro-regional-para-abordar-el-consumo-problematico\/","url":"https:\/\/www.casilda.gob.ar\/web\/encuentro-regional-para-abordar-el-consumo-problematico\/","name":"Encuentro regional para abordar el consumo problem\u00e1tico - Municipalidad de Casilda","isPartOf":{"@id":"https:\/\/www.casilda.gob.ar\/web\/#website"},"primaryImageOfPage":{"@id":"https:\/\/www.casilda.gob.ar\/web\/encuentro-regional-para-abordar-el-consumo-problematico\/#primaryimage"},"image":{"@id":"https:\/\/www.casilda.gob.ar\/web\/encuentro-regional-para-abordar-el-consumo-problematico\/#primaryimage"},"thumbnailUrl":"https:\/\/www.casilda.gob.ar\/web\/wp-content\/uploads\/2026\/04\/PORTADA-NOTICIAS-2026-04-27T101152.435.png","datePublished":"2026-04-27T13:44:30+00:00","dateModified":"2026-04-27T14:59:01+00:00","author":{"@id":"https:\/\/www.casilda.gob.ar\/web\/#\/schema\/person\/58b33e8739c17939e823ddc9bfedd309"},"description":"La Municipalidad de Casilda encabez\u00f3 un importante encuentro regional destinado a abordar de manera conjunta el consumo problem\u00e1tico","breadcrumb":{"@id":"https:\/\/www.casilda.gob.ar\/web\/encuentro-regional-para-abordar-el-consumo-problematico\/#breadcrumb"},"inLanguage":"es","potentialAction":[{"@type":"ReadAction","target":["https:\/\/www.casilda.gob.ar\/web\/encuentro-regional-para-abordar-el-consumo-problematico\/"]}]},{"@type":"ImageObject","inLanguage":"es","@id":"https:\/\/www.casilda.gob.ar\/web\/encuentro-regional-para-abordar-el-consumo-problematico\/#primaryimage","url":"https:\/\/www.casilda.gob.ar\/web\/wp-content\/uploads\/2026\/04\/PORTADA-NOTICIAS-2026-04-27T101152.435.png","contentUrl":"https:\/\/www.casilda.gob.ar\/web\/wp-content\/uploads\/2026\/04\/PORTADA-NOTICIAS-2026-04-27T101152.435.png","width":1920,"height":300},{"@type":"BreadcrumbList","@id":"https:\/\/www.casilda.gob.ar\/web\/encuentro-regional-para-abordar-el-consumo-problematico\/#breadcrumb","itemListElement":[{"@type":"ListItem","position":1,"name":"Inicio","item":"https:\/\/www.casilda.gob.ar\/web\/"},{"@type":"ListItem","position":2,"name":"Inicio","item":"https:\/\/www.casilda.gob.ar\/web\/category\/inicio\/"},{"@type":"ListItem","position":3,"name":"Encuentro regional para abordar el consumo problem\u00e1tico"}]},{"@type":"WebSite","@id":"https:\/\/www.casilda.gob.ar\/web\/#website","url":"https:\/\/www.casilda.gob.ar\/web\/","name":"Municipalidad de Casilda","description":"Construyendo Futuro","potentialAction":[{"@type":"SearchAction","target":{"@type":"EntryPoint","urlTemplate":"https:\/\/www.casilda.gob.ar\/web\/?s={search_term_string}"},"query-input":{"@type":"PropertyValueSpecification","valueRequired":true,"valueName":"search_term_string"}}],"inLanguage":"es"},{"@type":"Person","@id":"https:\/\/www.casilda.gob.ar\/web\/#\/schema\/person\/58b33e8739c17939e823ddc9bfedd309","name":"Municipalidad Casilda","image":{"@type":"ImageObject","inLanguage":"es","@id":"https:\/\/www.casilda.gob.ar\/web\/#\/schema\/person\/image\/","url":"https:\/\/secure.gravatar.com\/avatar\/652ec9fc17fb13bfc80cca0acb6c0f02?s=96&d=mm&r=g","contentUrl":"https:\/\/secure.gravatar.com\/avatar\/652ec9fc17fb13bfc80cca0acb6c0f02?s=96&d=mm&r=g","caption":"Municipalidad Casilda"},"sameAs":["https:\/\/www.casilda.gob.ar\/web"],"url":"https:\/\/www.casilda.gob.ar\/web\/author\/admin\/"}]}},"uagb_featured_image_src":{"full":["https:\/\/www.casilda.gob.ar\/web\/wp-content\/uploads\/2026\/04\/PORTADA-NOTICIAS-2026-04-27T101152.435.png",1920,300,false],"thumbnail":["https:\/\/www.casilda.gob.ar\/web\/wp-content\/uploads\/2026\/04\/PORTADA-NOTICIAS-2026-04-27T101152.435-150x150.png",150,150,true],"medium":["https:\/\/www.casilda.gob.ar\/web\/wp-content\/uploads\/2026\/04\/PORTADA-NOTICIAS-2026-04-27T101152.435-300x47.png",300,47,true],"medium_large":["https:\/\/www.casilda.gob.ar\/web\/wp-content\/uploads\/2026\/04\/PORTADA-NOTICIAS-2026-04-27T101152.435-768x120.png",768,120,true],"large":["https:\/\/www.casilda.gob.ar\/web\/wp-content\/uploads\/2026\/04\/PORTADA-NOTICIAS-2026-04-27T101152.435-1024x160.png",1024,160,true],"1536x1536":["https:\/\/www.casilda.gob.ar\/web\/wp-content\/uploads\/2026\/04\/PORTADA-NOTICIAS-2026-04-27T101152.435-1536x240.png",1536,240,true],"2048x2048":["https:\/\/www.casilda.gob.ar\/web\/wp-content\/uploads\/2026\/04\/PORTADA-NOTICIAS-2026-04-27T101152.435.png",1920,300,false]},"uagb_author_info":{"display_name":"Municipalidad Casilda","author_link":"https:\/\/www.casilda.gob.ar\/web\/author\/admin\/"},"uagb_comment_info":0,"uagb_excerpt":"Casilda fue sede de un encuentro regional para abordar el consumo problem\u00e1tico.La Municipalidad de Casilda encabez\u00f3 un importante encuentro regional destinado a abordar de manera conjunta el consumo problem\u00e1tico, consolidando su rol como ciudad referente en la articulaci\u00f3n de pol\u00edticas p\u00fablicas en el territorio. La jornada, realizada el pasado 21 de abril, fue impulsada en&hellip;","_links":{"self":[{"href":"https:\/\/www.casilda.gob.ar\/web\/wp-json\/wp\/v2\/posts\/15915","targetHints":{"allow":["GET"]}}],"collection":[{"href":"https:\/\/www.casilda.gob.ar\/web\/wp-json\/wp\/v2\/posts"}],"about":[{"href":"https:\/\/www.casilda.gob.ar\/web\/wp-json\/wp\/v2\/types\/post"}],"author":[{"embeddable":true,"href":"https:\/\/www.casilda.gob.ar\/web\/wp-json\/wp\/v2\/users\/1"}],"replies":[{"embeddable":true,"href":"https:\/\/www.casilda.gob.ar\/web\/wp-json\/wp\/v2\/comments?post=15915"}],"version-history":[{"count":1,"href":"https:\/\/www.casilda.gob.ar\/web\/wp-json\/wp\/v2\/posts\/15915\/revisions"}],"predecessor-version":[{"id":15919,"href":"https:\/\/www.casilda.gob.ar\/web\/wp-json\/wp\/v2\/posts\/15915\/revisions\/15919"}],"wp:featuredmedia":[{"embeddable":true,"href":"https:\/\/www.casilda.gob.ar\/web\/wp-json\/wp\/v2\/media\/15916"}],"wp:attachment":[{"href":"https:\/\/www.casilda.gob.ar\/web\/wp-json\/wp\/v2\/media?parent=15915"}],"wp:term":[{"taxonomy":"category","embeddable":true,"href":"https:\/\/www.casilda.gob.ar\/web\/wp-json\/wp\/v2\/categories?post=15915"},{"taxonomy":"post_tag","embeddable":true,"href":"https:\/\/www.casilda.gob.ar\/web\/wp-json\/wp\/v2\/tags?post=15915"}],"curies":[{"name":"wp","href":"https:\/\/api.w.org\/{rel}","templated":true}]}}