{"id":15922,"date":"2026-04-27T12:01:26","date_gmt":"2026-04-27T15:01:26","guid":{"rendered":"https:\/\/www.casilda.gob.ar\/web\/?p=15922"},"modified":"2026-04-27T12:01:42","modified_gmt":"2026-04-27T15:01:42","slug":"programa-integral-puntos-violetas","status":"publish","type":"post","link":"https:\/\/www.casilda.gob.ar\/web\/programa-integral-puntos-violetas\/","title":{"rendered":"Programa Integral Puntos Violetas"},"content":{"rendered":"\n<p style=\"margin-bottom:var(--wp--preset--spacing--10)\"><strong>Casilda fortalece sus pol\u00edticas de acompa\u00f1amiento con la firma del convenio para el Programa Integral Puntos Violetas.<\/strong><\/p>\n\n\n\n<p style=\"margin-bottom:var(--wp--preset--spacing--10)\">La Municipalidad de Casilda contin\u00faa consolidando pol\u00edticas p\u00fablicas orientadas al acompa\u00f1amiento, la contenci\u00f3n y la promoci\u00f3n de derechos. En este marco, el pasado viernes se firm\u00f3 el convenio de adhesi\u00f3n al Programa Integral Puntos Violetas, impulsado por el Ministerio de Igualdad y Desarrollo Humano de la Provincia de Santa Fe.<\/p>\n\n\n\n<p style=\"margin-bottom:var(--wp--preset--spacing--10)\"><strong>El acuerdo fue suscripto entre la Secretar\u00eda de Mujeres, G\u00e9nero y Diversidad de la provincia y el municipio de Casilda, con el objetivo de fortalecer y ampliar el funcionamiento del Punto Violeta en la ciudad.<\/strong><\/p>\n\n\n\n<p style=\"margin-bottom:var(--wp--preset--spacing--10)\">Este convenio permite profundizar una pol\u00edtica que ya se viene desarrollando en el territorio, consolidando al Punto Violeta como un espacio clave de acompa\u00f1amiento, orientaci\u00f3n y contenci\u00f3n para mujeres y personas en situaci\u00f3n de vulnerabilidad, promoviendo el acceso a derechos y la construcci\u00f3n de herramientas para la autonom\u00eda.<\/p>\n\n\n\n<p style=\"margin-bottom:var(--wp--preset--spacing--10)\"><strong>Desde el inicio de la gesti\u00f3n del intendente Guillermo Franchella, se ha trabajado de manera sostenida en la articulaci\u00f3n con el gobierno provincial para acercar programas y recursos que impacten directamente en la calidad de vida de los vecinos. La adhesi\u00f3n a este programa reafirma esa l\u00ednea de trabajo, fortaleciendo la presencia del Estado en temas sensibles y prioritarios.<\/strong><\/p>\n\n\n\n<p style=\"margin-bottom:var(--wp--preset--spacing--10)\">El Programa Integral Puntos Violetas busca generar espacios territoriales de referencia, donde se desarrollen acciones de prevenci\u00f3n, capacitaci\u00f3n, acompa\u00f1amiento y promoci\u00f3n comunitaria, consolidando redes de cuidado y contenci\u00f3n.<\/p>\n\n\n\n<p style=\"margin-bottom:var(--wp--preset--spacing--10)\">De esta manera, seguimos avanzando en pol\u00edticas p\u00fablicas que ponen en el centro a las personas y sus necesidades, construyendo futuro a trav\u00e9s de m\u00e1s inclusi\u00f3n, m\u00e1s derechos y m\u00e1s oportunidades.<\/p>\n\n\n\n<div class=\"wp-block-group is-nowrap is-layout-flex wp-container-core-group-is-layout-1 wp-block-group-is-layout-flex\">\n<figure class=\"wp-block-gallery has-nested-images columns-default is-cropped wp-block-gallery-1 is-layout-flex wp-block-gallery-is-layout-flex\" style=\"margin-top:0;margin-right:var(--wp--preset--spacing--50);margin-bottom:0;margin-left:var(--wp--preset--spacing--50);padding-top:0;padding-right:var(--wp--preset--spacing--60);padding-bottom:0;padding-left:var(--wp--preset--spacing--60)\">\n<figure class=\"wp-block-image size-large\"><img loading=\"lazy\" decoding=\"async\" width=\"768\" height=\"1024\" src=\"https:\/\/www.casilda.gob.ar\/web\/wp-content\/uploads\/2026\/04\/WhatsApp-Image-2026-04-24-at-1.00.37-PM-768x1024.jpeg\" alt=\"\" class=\"wp-image-15925\" srcset=\"https:\/\/www.casilda.gob.ar\/web\/wp-content\/uploads\/2026\/04\/WhatsApp-Image-2026-04-24-at-1.00.37-PM-768x1024.jpeg 768w, https:\/\/www.casilda.gob.ar\/web\/wp-content\/uploads\/2026\/04\/WhatsApp-Image-2026-04-24-at-1.00.37-PM-225x300.jpeg 225w, https:\/\/www.casilda.gob.ar\/web\/wp-content\/uploads\/2026\/04\/WhatsApp-Image-2026-04-24-at-1.00.37-PM-1152x1536.jpeg 1152w, https:\/\/www.casilda.gob.ar\/web\/wp-content\/uploads\/2026\/04\/WhatsApp-Image-2026-04-24-at-1.00.37-PM.jpeg 1200w\" sizes=\"auto, (max-width: 768px) 100vw, 768px\" \/><\/figure>\n\n\n\n<figure class=\"wp-block-image size-large\"><img loading=\"lazy\" decoding=\"async\" width=\"460\" height=\"1024\" src=\"https:\/\/www.casilda.gob.ar\/web\/wp-content\/uploads\/2026\/04\/WhatsApp-Image-2026-04-24-at-3.34.08-PM-460x1024.jpeg\" alt=\"\" class=\"wp-image-15926\" srcset=\"https:\/\/www.casilda.gob.ar\/web\/wp-content\/uploads\/2026\/04\/WhatsApp-Image-2026-04-24-at-3.34.08-PM-460x1024.jpeg 460w, https:\/\/www.casilda.gob.ar\/web\/wp-content\/uploads\/2026\/04\/WhatsApp-Image-2026-04-24-at-3.34.08-PM-135x300.jpeg 135w, https:\/\/www.casilda.gob.ar\/web\/wp-content\/uploads\/2026\/04\/WhatsApp-Image-2026-04-24-at-3.34.08-PM-690x1536.jpeg 690w, https:\/\/www.casilda.gob.ar\/web\/wp-content\/uploads\/2026\/04\/WhatsApp-Image-2026-04-24-at-3.34.08-PM.jpeg 719w\" sizes=\"auto, (max-width: 460px) 100vw, 460px\" \/><\/figure>\n<\/figure>\n<\/div>\n","protected":false},"excerpt":{"rendered":"<p>Casilda fortalece sus pol\u00edticas de acompa\u00f1amiento con la firma del convenio para el Programa Integral Puntos Violetas. La Municipalidad de Casilda contin\u00faa consolidando pol\u00edticas p\u00fablicas orientadas al acompa\u00f1amiento, la contenci\u00f3n y la promoci\u00f3n de derechos. En este marco, el pasado viernes se firm\u00f3 el convenio de adhesi\u00f3n al Programa Integral Puntos Violetas, impulsado por el [&hellip;]<\/p>\n","protected":false},"author":1,"featured_media":15924,"comment_status":"open","ping_status":"open","sticky":false,"template":"","format":"standard","meta":{"_uag_custom_page_level_css":"","footnotes":""},"categories":[33,16],"tags":[],"class_list":["post-15922","post","type-post","status-publish","format-standard","has-post-thumbnail","hentry","category-inicio","category-noticias"],"yoast_head":"<!-- This site is optimized with the Yoast SEO plugin v26.8 - https:\/\/yoast.com\/product\/yoast-seo-wordpress\/ -->\n<title>Programa Integral Puntos Violetas - Municipalidad de Casilda<\/title>\n<meta name=\"description\" content=\"El acuerdo fue suscripto entre la Secretar\u00eda de Mujeres, G\u00e9nero y Diversidad de la provincia y el municipio de Casilda\" \/>\n<meta name=\"robots\" content=\"index, follow, max-snippet:-1, max-image-preview:large, max-video-preview:-1\" \/>\n<link rel=\"canonical\" href=\"https:\/\/www.casilda.gob.ar\/web\/programa-integral-puntos-violetas\/\" \/>\n<meta property=\"og:locale\" content=\"es_ES\" \/>\n<meta property=\"og:type\" content=\"article\" \/>\n<meta property=\"og:title\" content=\"Programa Integral Puntos Violetas - Municipalidad de Casilda\" \/>\n<meta property=\"og:description\" content=\"El acuerdo fue suscripto entre la Secretar\u00eda de Mujeres, G\u00e9nero y Diversidad de la provincia y el municipio de Casilda\" \/>\n<meta property=\"og:url\" content=\"https:\/\/www.casilda.gob.ar\/web\/programa-integral-puntos-violetas\/\" \/>\n<meta property=\"og:site_name\" content=\"Municipalidad de Casilda\" \/>\n<meta property=\"article:published_time\" content=\"2026-04-27T15:01:26+00:00\" \/>\n<meta property=\"article:modified_time\" content=\"2026-04-27T15:01:42+00:00\" \/>\n<meta property=\"og:image\" content=\"https:\/\/www.casilda.gob.ar\/web\/wp-content\/uploads\/2026\/04\/PORTADA-NOTICIAS-2026-04-27T114234.702-1.png\" \/>\n\t<meta property=\"og:image:width\" content=\"1920\" \/>\n\t<meta property=\"og:image:height\" content=\"300\" \/>\n\t<meta property=\"og:image:type\" content=\"image\/png\" \/>\n<meta name=\"author\" content=\"Municipalidad Casilda\" \/>\n<meta name=\"twitter:card\" content=\"summary_large_image\" \/>\n<meta name=\"twitter:label1\" content=\"Escrito por\" \/>\n\t<meta name=\"twitter:data1\" content=\"Municipalidad Casilda\" \/>\n\t<meta name=\"twitter:label2\" content=\"Tiempo de lectura\" \/>\n\t<meta name=\"twitter:data2\" content=\"2 minutos\" \/>\n<script type=\"application\/ld+json\" class=\"yoast-schema-graph\">{\"@context\":\"https:\/\/schema.org\",\"@graph\":[{\"@type\":\"Article\",\"@id\":\"https:\/\/www.casilda.gob.ar\/web\/programa-integral-puntos-violetas\/#article\",\"isPartOf\":{\"@id\":\"https:\/\/www.casilda.gob.ar\/web\/programa-integral-puntos-violetas\/\"},\"author\":{\"name\":\"Municipalidad Casilda\",\"@id\":\"https:\/\/www.casilda.gob.ar\/web\/#\/schema\/person\/58b33e8739c17939e823ddc9bfedd309\"},\"headline\":\"Programa Integral Puntos Violetas\",\"datePublished\":\"2026-04-27T15:01:26+00:00\",\"dateModified\":\"2026-04-27T15:01:42+00:00\",\"mainEntityOfPage\":{\"@id\":\"https:\/\/www.casilda.gob.ar\/web\/programa-integral-puntos-violetas\/\"},\"wordCount\":306,\"commentCount\":0,\"image\":{\"@id\":\"https:\/\/www.casilda.gob.ar\/web\/programa-integral-puntos-violetas\/#primaryimage\"},\"thumbnailUrl\":\"https:\/\/www.casilda.gob.ar\/web\/wp-content\/uploads\/2026\/04\/PORTADA-NOTICIAS-2026-04-27T114234.702-1.png\",\"articleSection\":[\"Inicio\",\"Noticias\"],\"inLanguage\":\"es\",\"potentialAction\":[{\"@type\":\"CommentAction\",\"name\":\"Comment\",\"target\":[\"https:\/\/www.casilda.gob.ar\/web\/programa-integral-puntos-violetas\/#respond\"]}]},{\"@type\":\"WebPage\",\"@id\":\"https:\/\/www.casilda.gob.ar\/web\/programa-integral-puntos-violetas\/\",\"url\":\"https:\/\/www.casilda.gob.ar\/web\/programa-integral-puntos-violetas\/\",\"name\":\"Programa Integral Puntos Violetas - Municipalidad de Casilda\",\"isPartOf\":{\"@id\":\"https:\/\/www.casilda.gob.ar\/web\/#website\"},\"primaryImageOfPage\":{\"@id\":\"https:\/\/www.casilda.gob.ar\/web\/programa-integral-puntos-violetas\/#primaryimage\"},\"image\":{\"@id\":\"https:\/\/www.casilda.gob.ar\/web\/programa-integral-puntos-violetas\/#primaryimage\"},\"thumbnailUrl\":\"https:\/\/www.casilda.gob.ar\/web\/wp-content\/uploads\/2026\/04\/PORTADA-NOTICIAS-2026-04-27T114234.702-1.png\",\"datePublished\":\"2026-04-27T15:01:26+00:00\",\"dateModified\":\"2026-04-27T15:01:42+00:00\",\"author\":{\"@id\":\"https:\/\/www.casilda.gob.ar\/web\/#\/schema\/person\/58b33e8739c17939e823ddc9bfedd309\"},\"description\":\"El acuerdo fue suscripto entre la Secretar\u00eda de Mujeres, G\u00e9nero y Diversidad de la provincia y el municipio de Casilda\",\"breadcrumb\":{\"@id\":\"https:\/\/www.casilda.gob.ar\/web\/programa-integral-puntos-violetas\/#breadcrumb\"},\"inLanguage\":\"es\",\"potentialAction\":[{\"@type\":\"ReadAction\",\"target\":[\"https:\/\/www.casilda.gob.ar\/web\/programa-integral-puntos-violetas\/\"]}]},{\"@type\":\"ImageObject\",\"inLanguage\":\"es\",\"@id\":\"https:\/\/www.casilda.gob.ar\/web\/programa-integral-puntos-violetas\/#primaryimage\",\"url\":\"https:\/\/www.casilda.gob.ar\/web\/wp-content\/uploads\/2026\/04\/PORTADA-NOTICIAS-2026-04-27T114234.702-1.png\",\"contentUrl\":\"https:\/\/www.casilda.gob.ar\/web\/wp-content\/uploads\/2026\/04\/PORTADA-NOTICIAS-2026-04-27T114234.702-1.png\",\"width\":1920,\"height\":300},{\"@type\":\"BreadcrumbList\",\"@id\":\"https:\/\/www.casilda.gob.ar\/web\/programa-integral-puntos-violetas\/#breadcrumb\",\"itemListElement\":[{\"@type\":\"ListItem\",\"position\":1,\"name\":\"Inicio\",\"item\":\"https:\/\/www.casilda.gob.ar\/web\/\"},{\"@type\":\"ListItem\",\"position\":2,\"name\":\"Inicio\",\"item\":\"https:\/\/www.casilda.gob.ar\/web\/category\/inicio\/\"},{\"@type\":\"ListItem\",\"position\":3,\"name\":\"Programa Integral Puntos Violetas\"}]},{\"@type\":\"WebSite\",\"@id\":\"https:\/\/www.casilda.gob.ar\/web\/#website\",\"url\":\"https:\/\/www.casilda.gob.ar\/web\/\",\"name\":\"Municipalidad de Casilda\",\"description\":\"Construyendo Futuro\",\"potentialAction\":[{\"@type\":\"SearchAction\",\"target\":{\"@type\":\"EntryPoint\",\"urlTemplate\":\"https:\/\/www.casilda.gob.ar\/web\/?s={search_term_string}\"},\"query-input\":{\"@type\":\"PropertyValueSpecification\",\"valueRequired\":true,\"valueName\":\"search_term_string\"}}],\"inLanguage\":\"es\"},{\"@type\":\"Person\",\"@id\":\"https:\/\/www.casilda.gob.ar\/web\/#\/schema\/person\/58b33e8739c17939e823ddc9bfedd309\",\"name\":\"Municipalidad Casilda\",\"image\":{\"@type\":\"ImageObject\",\"inLanguage\":\"es\",\"@id\":\"https:\/\/www.casilda.gob.ar\/web\/#\/schema\/person\/image\/\",\"url\":\"https:\/\/secure.gravatar.com\/avatar\/652ec9fc17fb13bfc80cca0acb6c0f02?s=96&d=mm&r=g\",\"contentUrl\":\"https:\/\/secure.gravatar.com\/avatar\/652ec9fc17fb13bfc80cca0acb6c0f02?s=96&d=mm&r=g\",\"caption\":\"Municipalidad Casilda\"},\"sameAs\":[\"https:\/\/www.casilda.gob.ar\/web\"],\"url\":\"https:\/\/www.casilda.gob.ar\/web\/author\/admin\/\"}]}<\/script>\n<!-- \/ Yoast SEO plugin. -->","yoast_head_json":{"title":"Programa Integral Puntos Violetas - Municipalidad de Casilda","description":"El acuerdo fue suscripto entre la Secretar\u00eda de Mujeres, G\u00e9nero y Diversidad de la provincia y el municipio de Casilda","robots":{"index":"index","follow":"follow","max-snippet":"max-snippet:-1","max-image-preview":"max-image-preview:large","max-video-preview":"max-video-preview:-1"},"canonical":"https:\/\/www.casilda.gob.ar\/web\/programa-integral-puntos-violetas\/","og_locale":"es_ES","og_type":"article","og_title":"Programa Integral Puntos Violetas - Municipalidad de Casilda","og_description":"El acuerdo fue suscripto entre la Secretar\u00eda de Mujeres, G\u00e9nero y Diversidad de la provincia y el municipio de Casilda","og_url":"https:\/\/www.casilda.gob.ar\/web\/programa-integral-puntos-violetas\/","og_site_name":"Municipalidad de Casilda","article_published_time":"2026-04-27T15:01:26+00:00","article_modified_time":"2026-04-27T15:01:42+00:00","og_image":[{"width":1920,"height":300,"url":"https:\/\/www.casilda.gob.ar\/web\/wp-content\/uploads\/2026\/04\/PORTADA-NOTICIAS-2026-04-27T114234.702-1.png","type":"image\/png"}],"author":"Municipalidad Casilda","twitter_card":"summary_large_image","twitter_misc":{"Escrito por":"Municipalidad Casilda","Tiempo de lectura":"2 minutos"},"schema":{"@context":"https:\/\/schema.org","@graph":[{"@type":"Article","@id":"https:\/\/www.casilda.gob.ar\/web\/programa-integral-puntos-violetas\/#article","isPartOf":{"@id":"https:\/\/www.casilda.gob.ar\/web\/programa-integral-puntos-violetas\/"},"author":{"name":"Municipalidad Casilda","@id":"https:\/\/www.casilda.gob.ar\/web\/#\/schema\/person\/58b33e8739c17939e823ddc9bfedd309"},"headline":"Programa Integral Puntos Violetas","datePublished":"2026-04-27T15:01:26+00:00","dateModified":"2026-04-27T15:01:42+00:00","mainEntityOfPage":{"@id":"https:\/\/www.casilda.gob.ar\/web\/programa-integral-puntos-violetas\/"},"wordCount":306,"commentCount":0,"image":{"@id":"https:\/\/www.casilda.gob.ar\/web\/programa-integral-puntos-violetas\/#primaryimage"},"thumbnailUrl":"https:\/\/www.casilda.gob.ar\/web\/wp-content\/uploads\/2026\/04\/PORTADA-NOTICIAS-2026-04-27T114234.702-1.png","articleSection":["Inicio","Noticias"],"inLanguage":"es","potentialAction":[{"@type":"CommentAction","name":"Comment","target":["https:\/\/www.casilda.gob.ar\/web\/programa-integral-puntos-violetas\/#respond"]}]},{"@type":"WebPage","@id":"https:\/\/www.casilda.gob.ar\/web\/programa-integral-puntos-violetas\/","url":"https:\/\/www.casilda.gob.ar\/web\/programa-integral-puntos-violetas\/","name":"Programa Integral Puntos Violetas - Municipalidad de Casilda","isPartOf":{"@id":"https:\/\/www.casilda.gob.ar\/web\/#website"},"primaryImageOfPage":{"@id":"https:\/\/www.casilda.gob.ar\/web\/programa-integral-puntos-violetas\/#primaryimage"},"image":{"@id":"https:\/\/www.casilda.gob.ar\/web\/programa-integral-puntos-violetas\/#primaryimage"},"thumbnailUrl":"https:\/\/www.casilda.gob.ar\/web\/wp-content\/uploads\/2026\/04\/PORTADA-NOTICIAS-2026-04-27T114234.702-1.png","datePublished":"2026-04-27T15:01:26+00:00","dateModified":"2026-04-27T15:01:42+00:00","author":{"@id":"https:\/\/www.casilda.gob.ar\/web\/#\/schema\/person\/58b33e8739c17939e823ddc9bfedd309"},"description":"El acuerdo fue suscripto entre la Secretar\u00eda de Mujeres, G\u00e9nero y Diversidad de la provincia y el municipio de Casilda","breadcrumb":{"@id":"https:\/\/www.casilda.gob.ar\/web\/programa-integral-puntos-violetas\/#breadcrumb"},"inLanguage":"es","potentialAction":[{"@type":"ReadAction","target":["https:\/\/www.casilda.gob.ar\/web\/programa-integral-puntos-violetas\/"]}]},{"@type":"ImageObject","inLanguage":"es","@id":"https:\/\/www.casilda.gob.ar\/web\/programa-integral-puntos-violetas\/#primaryimage","url":"https:\/\/www.casilda.gob.ar\/web\/wp-content\/uploads\/2026\/04\/PORTADA-NOTICIAS-2026-04-27T114234.702-1.png","contentUrl":"https:\/\/www.casilda.gob.ar\/web\/wp-content\/uploads\/2026\/04\/PORTADA-NOTICIAS-2026-04-27T114234.702-1.png","width":1920,"height":300},{"@type":"BreadcrumbList","@id":"https:\/\/www.casilda.gob.ar\/web\/programa-integral-puntos-violetas\/#breadcrumb","itemListElement":[{"@type":"ListItem","position":1,"name":"Inicio","item":"https:\/\/www.casilda.gob.ar\/web\/"},{"@type":"ListItem","position":2,"name":"Inicio","item":"https:\/\/www.casilda.gob.ar\/web\/category\/inicio\/"},{"@type":"ListItem","position":3,"name":"Programa Integral Puntos Violetas"}]},{"@type":"WebSite","@id":"https:\/\/www.casilda.gob.ar\/web\/#website","url":"https:\/\/www.casilda.gob.ar\/web\/","name":"Municipalidad de Casilda","description":"Construyendo Futuro","potentialAction":[{"@type":"SearchAction","target":{"@type":"EntryPoint","urlTemplate":"https:\/\/www.casilda.gob.ar\/web\/?s={search_term_string}"},"query-input":{"@type":"PropertyValueSpecification","valueRequired":true,"valueName":"search_term_string"}}],"inLanguage":"es"},{"@type":"Person","@id":"https:\/\/www.casilda.gob.ar\/web\/#\/schema\/person\/58b33e8739c17939e823ddc9bfedd309","name":"Municipalidad Casilda","image":{"@type":"ImageObject","inLanguage":"es","@id":"https:\/\/www.casilda.gob.ar\/web\/#\/schema\/person\/image\/","url":"https:\/\/secure.gravatar.com\/avatar\/652ec9fc17fb13bfc80cca0acb6c0f02?s=96&d=mm&r=g","contentUrl":"https:\/\/secure.gravatar.com\/avatar\/652ec9fc17fb13bfc80cca0acb6c0f02?s=96&d=mm&r=g","caption":"Municipalidad Casilda"},"sameAs":["https:\/\/www.casilda.gob.ar\/web"],"url":"https:\/\/www.casilda.gob.ar\/web\/author\/admin\/"}]}},"uagb_featured_image_src":{"full":["https:\/\/www.casilda.gob.ar\/web\/wp-content\/uploads\/2026\/04\/PORTADA-NOTICIAS-2026-04-27T114234.702-1.png",1920,300,false],"thumbnail":["https:\/\/www.casilda.gob.ar\/web\/wp-content\/uploads\/2026\/04\/PORTADA-NOTICIAS-2026-04-27T114234.702-1-150x150.png",150,150,true],"medium":["https:\/\/www.casilda.gob.ar\/web\/wp-content\/uploads\/2026\/04\/PORTADA-NOTICIAS-2026-04-27T114234.702-1-300x47.png",300,47,true],"medium_large":["https:\/\/www.casilda.gob.ar\/web\/wp-content\/uploads\/2026\/04\/PORTADA-NOTICIAS-2026-04-27T114234.702-1-768x120.png",768,120,true],"large":["https:\/\/www.casilda.gob.ar\/web\/wp-content\/uploads\/2026\/04\/PORTADA-NOTICIAS-2026-04-27T114234.702-1-1024x160.png",1024,160,true],"1536x1536":["https:\/\/www.casilda.gob.ar\/web\/wp-content\/uploads\/2026\/04\/PORTADA-NOTICIAS-2026-04-27T114234.702-1-1536x240.png",1536,240,true],"2048x2048":["https:\/\/www.casilda.gob.ar\/web\/wp-content\/uploads\/2026\/04\/PORTADA-NOTICIAS-2026-04-27T114234.702-1.png",1920,300,false]},"uagb_author_info":{"display_name":"Municipalidad Casilda","author_link":"https:\/\/www.casilda.gob.ar\/web\/author\/admin\/"},"uagb_comment_info":0,"uagb_excerpt":"Casilda fortalece sus pol\u00edticas de acompa\u00f1amiento con la firma del convenio para el Programa Integral Puntos Violetas. La Municipalidad de Casilda contin\u00faa consolidando pol\u00edticas p\u00fablicas orientadas al acompa\u00f1amiento, la contenci\u00f3n y la promoci\u00f3n de derechos. En este marco, el pasado viernes se firm\u00f3 el convenio de adhesi\u00f3n al Programa Integral Puntos Violetas, impulsado por el&hellip;","_links":{"self":[{"href":"https:\/\/www.casilda.gob.ar\/web\/wp-json\/wp\/v2\/posts\/15922","targetHints":{"allow":["GET"]}}],"collection":[{"href":"https:\/\/www.casilda.gob.ar\/web\/wp-json\/wp\/v2\/posts"}],"about":[{"href":"https:\/\/www.casilda.gob.ar\/web\/wp-json\/wp\/v2\/types\/post"}],"author":[{"embeddable":true,"href":"https:\/\/www.casilda.gob.ar\/web\/wp-json\/wp\/v2\/users\/1"}],"replies":[{"embeddable":true,"href":"https:\/\/www.casilda.gob.ar\/web\/wp-json\/wp\/v2\/comments?post=15922"}],"version-history":[{"count":1,"href":"https:\/\/www.casilda.gob.ar\/web\/wp-json\/wp\/v2\/posts\/15922\/revisions"}],"predecessor-version":[{"id":15927,"href":"https:\/\/www.casilda.gob.ar\/web\/wp-json\/wp\/v2\/posts\/15922\/revisions\/15927"}],"wp:featuredmedia":[{"embeddable":true,"href":"https:\/\/www.casilda.gob.ar\/web\/wp-json\/wp\/v2\/media\/15924"}],"wp:attachment":[{"href":"https:\/\/www.casilda.gob.ar\/web\/wp-json\/wp\/v2\/media?parent=15922"}],"wp:term":[{"taxonomy":"category","embeddable":true,"href":"https:\/\/www.casilda.gob.ar\/web\/wp-json\/wp\/v2\/categories?post=15922"},{"taxonomy":"post_tag","embeddable":true,"href":"https:\/\/www.casilda.gob.ar\/web\/wp-json\/wp\/v2\/tags?post=15922"}],"curies":[{"name":"wp","href":"https:\/\/api.w.org\/{rel}","templated":true}]}}