{"id":15944,"date":"2026-04-29T09:04:34","date_gmt":"2026-04-29T12:04:34","guid":{"rendered":"https:\/\/www.casilda.gob.ar\/web\/?p=15944"},"modified":"2026-04-29T09:35:25","modified_gmt":"2026-04-29T12:35:25","slug":"inscripcion-para-participar-del-desfile-del-25-de-mayo","status":"publish","type":"post","link":"https:\/\/www.casilda.gob.ar\/web\/inscripcion-para-participar-del-desfile-del-25-de-mayo\/","title":{"rendered":"INSCRIPCI\u00d3N PARA PARTICIPAR DEL DESFILE DEL 25 DE MAYO"},"content":{"rendered":"\n<p style=\"margin-bottom:var(--wp--preset--spacing--10)\"><strong>ABRIMOS LA INSCRIPCI\u00d3N PARA PARTICIPAR DEL TRADICIONAL DESFILE DEL 25 DE MAYO<\/strong><\/p>\n\n\n\n<p style=\"margin-bottom:var(--wp--preset--spacing--10)\">La Municipalidad de Casilda invita a todas las instituciones de la ciudad a formar parte del tradicional Desfile Patrio del 25 de Mayo, una de las celebraciones m\u00e1s significativas para nuestra comunidad, que cada a\u00f1o re\u00fane a vecinos, organizaciones y familias en un espacio de encuentro, identidad y memoria colectiva.<\/p>\n\n\n\n<p style=\"margin-bottom:var(--wp--preset--spacing--10)\">En el marco de un nuevo aniversario de la Revoluci\u00f3n de Mayo, la gesti\u00f3n del intendente Guillermo Franchella contin\u00faa fortaleciendo estos espacios que ponen en valor nuestras ra\u00edces, promoviendo la participaci\u00f3n activa de toda la comunidad.<\/p>\n\n\n\n<p style=\"margin-bottom:var(--wp--preset--spacing--10)\"><strong>El cronograma de la jornada ser\u00e1 el siguiente:<\/strong><\/p>\n\n\n\n<ul style=\"margin-bottom:var(--wp--preset--spacing--10)\" class=\"wp-block-list\">\n<li style=\"font-style:normal;font-weight:700\">9:30 hs: Te Deum en la Parroquia San Pedro<\/li>\n\n\n\n<li style=\"font-style:normal;font-weight:700\">10:15 hs: Acto Oficial en Plaza Casado de los M\u00e1stiles<\/li>\n\n\n\n<li style=\"font-style:normal;font-weight:700\">10:30 hs: Convocatoria para ordenamiento previo al desfile (Casado y L. de la Torre)<\/li>\n\n\n\n<li style=\"font-style:normal;font-weight:700\">11:00 hs: Inicio del Desfile Patrio<\/li>\n<\/ul>\n\n\n\n<p style=\"margin-bottom:var(--wp--preset--spacing--10)\">El recorrido se desarrollar\u00e1 desde la intersecci\u00f3n de calles Casado y L. de la Torre, continuando por calle Buenos Aires, y finalizando en calle Sarmiento.<\/p>\n\n\n\n<p style=\"margin-bottom:var(--wp--preset--spacing--10)\">Este a\u00f1o, la propuesta busca renovar el esp\u00edritu del desfile, invitando a cada instituci\u00f3n a expresar su identidad con creatividad, mostrando su historia, sus valores, sus colores y el trabajo que realizan d\u00eda a d\u00eda en la comunidad. Podr\u00e1n incorporar banderas, estandartes, vestimenta alusiva y distintos elementos representativos.<\/p>\n\n\n\n<p style=\"margin-bottom:var(--wp--preset--spacing--10)\">Reafirmamos nuestro compromiso con la cultura, la historia y la participaci\u00f3n ciudadana. Seguimos construyendo futuro.<\/p>\n\n\n\n<div class=\"wp-block-group is-content-justification-center is-nowrap is-layout-flex wp-container-core-group-is-layout-1 wp-block-group-is-layout-flex\">\n<div class=\"wp-block-columns is-layout-flex wp-container-core-columns-is-layout-1 wp-block-columns-is-layout-flex\">\n<div class=\"wp-block-column is-layout-flow wp-block-column-is-layout-flow\">\n<figure class=\"wp-block-image size-large\"><img loading=\"lazy\" decoding=\"async\" width=\"819\" height=\"1024\" src=\"https:\/\/www.casilda.gob.ar\/web\/wp-content\/uploads\/2026\/04\/MURO-MUNI-45-6-x-12-cm-Post-de-Instagram-45-37-1-819x1024.png\" alt=\"\" class=\"wp-image-15947\" srcset=\"https:\/\/www.casilda.gob.ar\/web\/wp-content\/uploads\/2026\/04\/MURO-MUNI-45-6-x-12-cm-Post-de-Instagram-45-37-1-819x1024.png 819w, https:\/\/www.casilda.gob.ar\/web\/wp-content\/uploads\/2026\/04\/MURO-MUNI-45-6-x-12-cm-Post-de-Instagram-45-37-1-240x300.png 240w, https:\/\/www.casilda.gob.ar\/web\/wp-content\/uploads\/2026\/04\/MURO-MUNI-45-6-x-12-cm-Post-de-Instagram-45-37-1-768x960.png 768w, https:\/\/www.casilda.gob.ar\/web\/wp-content\/uploads\/2026\/04\/MURO-MUNI-45-6-x-12-cm-Post-de-Instagram-45-37-1.png 1080w\" sizes=\"auto, (max-width: 819px) 100vw, 819px\" \/><\/figure>\n<\/div>\n\n\n\n<div class=\"wp-block-column has-contrast-3-background-color has-background is-layout-flow wp-block-column-is-layout-flow\" style=\"flex-basis:2px\"><\/div>\n\n\n\n<div class=\"wp-block-column is-layout-flow wp-block-column-is-layout-flow\">\n<p class=\"has-text-align-center\" style=\"text-decoration:underline\"><strong>Formulario de inscripci\u00f3n<\/strong><\/p>\n\n\n\n<p class=\"has-text-align-center\"><strong>La inscripci\u00f3n permanecer\u00e1 abierta hasta el 21 de mayo de 2026.<\/strong><\/p>\n\n\n<p><div class=\"forminator-ui forminator-custom-form forminator-custom-form-15920 forminator-design--default  forminator_ajax\" data-forminator-render=\"0\" data-form=\"forminator-module-15920\" data-uid=\"69f331c82f892\"><br\/><\/div><form\n\t\t\t\tid=\"forminator-module-15920\"\n\t\t\t\tclass=\"forminator-ui forminator-custom-form forminator-custom-form-15920 forminator-design--default  forminator_ajax\"\n\t\t\t\tmethod=\"post\"\n\t\t\t\tdata-forminator-render=\"0\"\n\t\t\t\tdata-form-id=\"15920\"\n\t\t\t\t data-color-option=\"theme\" data-design=\"default\" data-grid=\"open\" style=\"display: none;\"\n\t\t\t\tdata-uid=\"69f331c82f892\"\n\t\t\t><div role=\"alert\" aria-live=\"polite\" class=\"forminator-response-message forminator-error\" aria-hidden=\"true\"><\/div><div class=\"forminator-row\"><div id=\"name-1\" class=\"forminator-field-name forminator-col forminator-col-12 \"><div class=\"forminator-field\"><label for=\"forminator-field-name-1_69f331c82f892\" id=\"forminator-field-name-1_69f331c82f892-label\" class=\"forminator-label\">Nombre de autoridad responsable <span class=\"forminator-required\">*<\/span><\/label><input type=\"text\" name=\"name-1\" value=\"\" placeholder=\"\" id=\"forminator-field-name-1_69f331c82f892\" class=\"forminator-input forminator-name--field\" aria-required=\"true\" autocomplete=\"name\" \/><\/div><\/div><\/div><div class=\"forminator-row\"><div id=\"phone-1\" class=\"forminator-field-phone forminator-col forminator-col-12 \"><div class=\"forminator-field\"><label for=\"forminator-field-phone-1_69f331c82f892\" id=\"forminator-field-phone-1_69f331c82f892-label\" class=\"forminator-label\">Tel\u00e9fono referente <span class=\"forminator-required\">*<\/span><\/label><input type=\"text\" name=\"phone-1\" value=\"\" placeholder=\"\" id=\"forminator-field-phone-1_69f331c82f892\" class=\"forminator-input forminator-field--phone\" data-required=\"1\" aria-required=\"true\" autocomplete=\"off\" \/><\/div><\/div><\/div><div class=\"forminator-row\"><div id=\"text-1\" class=\"forminator-field-text forminator-col forminator-col-12 \"><div class=\"forminator-field\"><label for=\"forminator-field-text-1_69f331c82f892\" id=\"forminator-field-text-1_69f331c82f892-label\" class=\"forminator-label\">Nombre de instituci\u00f3n que participar\u00e1 del desfile <span class=\"forminator-required\">*<\/span><\/label><input type=\"text\" name=\"text-1\" value=\"\" placeholder=\"\" id=\"forminator-field-text-1_69f331c82f892\" class=\"forminator-input forminator-name--field\" data-required=\"1\" \/><\/div><\/div><\/div><div class=\"forminator-row\"><div id=\"group-1\" class=\"forminator-field-group forminator-col forminator-col-12 \"><label class=\"forminator-label forminator-repeater-label\">Modo de participaci\u00f3n<\/label><div class=\"forminator-all-group-copies forminator-repeater-field\"><div class=\"forminator-grouped-fields\" data-options=\"{&quot;is_repeater&quot;:false,&quot;min_type&quot;:&quot;custom&quot;,&quot;max_type&quot;:&quot;custom&quot;,&quot;min&quot;:1,&quot;max&quot;:9223372036854775807,&quot;add_text&quot;:&quot;A\\u00f1adir elemento&quot;,&quot;remove_text&quot;:&quot;Eliminar art\\u00edculo&quot;,&quot;action_element_type&quot;:&quot;button&quot;}\"><div class=\"forminator-row\"><div id=\"radio-1\" class=\"forminator-field-radio forminator-col forminator-col-12 \"><div role=\"radiogroup\" class=\"forminator-field\" aria-labelledby=\"forminator-radiogroup-radio-1-69f331c82f892-label\"><label id=\"forminator-field-radio-1-label-1\" for=\"forminator-field-radio-1-1-69f331c82f892\" class=\"forminator-radio\" title=\"Caminantes\"><input type=\"radio\" name=\"radio-1\" value=\"Caminantes\" id=\"forminator-field-radio-1-1-69f331c82f892\" aria-labelledby=\"forminator-field-radio-1-label-1\" data-calculation=\"0\"   data-hidden-behavior=\"zero\"\/><span class=\"forminator-radio-bullet\" aria-hidden=\"true\"><\/span><span class=\"forminator-radio-label\">Caminantes<\/span><\/label><label id=\"forminator-field-radio-1-label-2\" for=\"forminator-field-radio-1-2-69f331c82f892\" class=\"forminator-radio\" title=\"Motorizados\"><input type=\"radio\" name=\"radio-1\" value=\"Motorizados\" id=\"forminator-field-radio-1-2-69f331c82f892\" aria-labelledby=\"forminator-field-radio-1-label-2\" data-calculation=\"0\"   data-hidden-behavior=\"zero\"\/><span class=\"forminator-radio-bullet\" aria-hidden=\"true\"><\/span><span class=\"forminator-radio-label\">Motorizados<\/span><\/label><label id=\"forminator-field-radio-1-label-3\" for=\"forminator-field-radio-1-3-69f331c82f892\" class=\"forminator-radio\" title=\"Ambos\"><input type=\"radio\" name=\"radio-1\" value=\"Ambos\" id=\"forminator-field-radio-1-3-69f331c82f892\" aria-labelledby=\"forminator-field-radio-1-label-3\" data-calculation=\"0\"   data-hidden-behavior=\"zero\"\/><span class=\"forminator-radio-bullet\" aria-hidden=\"true\"><\/span><span class=\"forminator-radio-label\">Ambos<\/span><\/label><\/div><\/div><\/div><div class=\"forminator-row\"><div id=\"text-2\" class=\"forminator-field-text forminator-col forminator-col-12 \"><div class=\"forminator-field\"><label for=\"forminator-field-text-2_69f331c82f892\" id=\"forminator-field-text-2_69f331c82f892-label\" class=\"forminator-label\">Agregar descripci\u00f3n (opcional)<\/label><input type=\"text\" name=\"text-2\" value=\"\" placeholder=\"\" id=\"forminator-field-text-2_69f331c82f892\" class=\"forminator-input forminator-name--field\" data-required=\"\" \/><\/div><\/div><\/div><\/div><\/div><\/div><\/div><div class=\"forminator-row\"><div id=\"textarea-2\" class=\"forminator-field-textarea forminator-col forminator-col-12 \"><div class=\"forminator-field\"><label for=\"forminator-field-textarea-2_69f331c82f892\" id=\"forminator-field-textarea-2_69f331c82f892-label\" class=\"forminator-label\">Breve rese\u00f1a de la instituci\u00f3n<\/label><span id=\"forminator-field-textarea-2_69f331c82f892-description\" class=\"forminator-description\"><span data-limit=\"800\" data-type=\"characters\" data-editor=\"\">0 \/ 800<\/span><\/span><textarea name=\"textarea-2\" placeholder=\"\" id=\"forminator-field-textarea-2_69f331c82f892\" class=\"forminator-textarea\" rows=\"6\" style=\"--forminator-textarea-min-height:140px;\" maxlength=\"800\" ><\/textarea><\/div><\/div><\/div><div class=\"forminator-row\"><div id=\"email-1\" class=\"forminator-field-email forminator-col forminator-col-12 \"><div class=\"forminator-field\"><label for=\"forminator-field-email-1_69f331c82f892\" id=\"forminator-field-email-1_69f331c82f892-label\" class=\"forminator-label\">Direcci\u00f3n de correo electr\u00f3nico <span class=\"forminator-required\">*<\/span><\/label><input type=\"email\" name=\"email-1\" value=\"\" placeholder=\"\" id=\"forminator-field-email-1_69f331c82f892\" class=\"forminator-input forminator-email--field\" data-required=\"1\" aria-required=\"true\" autocomplete=\"email\" \/><\/div><\/div><\/div><div class=\"forminator-row\"><div id=\"phone-2\" class=\"forminator-field-phone forminator-col forminator-col-12 \"><div class=\"forminator-field\"><label for=\"forminator-field-phone-2_69f331c82f892\" id=\"forminator-field-phone-2_69f331c82f892-label\" class=\"forminator-label\">Tel\u00e9fono institucional <span class=\"forminator-required\">*<\/span><\/label><input type=\"text\" name=\"phone-2\" value=\"\" placeholder=\"\" id=\"forminator-field-phone-2_69f331c82f892\" class=\"forminator-input forminator-field--phone\" data-required=\"1\" aria-required=\"true\" autocomplete=\"off\" \/><\/div><\/div><\/div><div class=\"forminator-row\" style=\"margin: 0;\"><div id=\"captcha-1\" class=\"forminator-field-captcha  forminator-col-12 \"><div class=\"forminator-captcha-left forminator-g-recaptcha recaptcha-invisible\" data-theme=\"light\" data-badge=\"bottomright\" data-sitekey=\"6LcJzs4qAAAAAPi19sOxzqgjJwi3JYXh0mooyv18\" data-size=\"invisible\"><\/div> <\/div><\/div><input type=\"hidden\" name=\"referer_url\" value=\"\" \/><div class=\"forminator-row forminator-row-last\"><div class=\"forminator-col\"><div class=\"forminator-field\"><button class=\"forminator-button forminator-button-submit\">Enviar mensaje<\/button><\/div><\/div><\/div><input type=\"hidden\" id=\"forminator_nonce\" name=\"forminator_nonce\" value=\"e65fd46c17\" \/><input type=\"hidden\" name=\"_wp_http_referer\" value=\"\/web\/wp-json\/wp\/v2\/posts\/15944\" \/><input type=\"hidden\" name=\"form_id\" value=\"15920\"><input type=\"hidden\" name=\"page_id\" value=\"15944\"><input type=\"hidden\" name=\"form_type\" value=\"default\"><input type=\"hidden\" name=\"current_url\" value=\"https:\/\/www.casilda.gob.ar\/web\/inscripcion-para-participar-del-desfile-del-25-de-mayo\/\"><input type=\"hidden\" name=\"render_id\" value=\"0\"><input type=\"hidden\" name=\"action\" value=\"forminator_submit_form_custom-forms\"><\/form><\/p>\n<\/div>\n<\/div>\n<\/div>\n","protected":false},"excerpt":{"rendered":"<p>ABRIMOS LA INSCRIPCI\u00d3N PARA PARTICIPAR DEL TRADICIONAL DESFILE DEL 25 DE MAYO La Municipalidad de Casilda invita a todas las instituciones de la ciudad a formar parte del tradicional Desfile Patrio del 25 de Mayo, una de las celebraciones m\u00e1s significativas para nuestra comunidad, que cada a\u00f1o re\u00fane a vecinos, organizaciones y familias en un [&hellip;]<\/p>\n","protected":false},"author":1,"featured_media":15946,"comment_status":"open","ping_status":"open","sticky":false,"template":"","format":"standard","meta":{"_uag_custom_page_level_css":"","footnotes":""},"categories":[58,33,16,55],"tags":[],"class_list":["post-15944","post","type-post","status-publish","format-standard","has-post-thumbnail","hentry","category-eventos","category-inicio","category-noticias","category-noticiashot"],"yoast_head":"<!-- This site is optimized with the Yoast SEO plugin v26.8 - https:\/\/yoast.com\/product\/yoast-seo-wordpress\/ -->\n<title>INSCRIPCI\u00d3N PARA PARTICIPAR DEL DESFILE DEL 25 DE MAYO - Municipalidad de Casilda<\/title>\n<meta name=\"description\" content=\"La Municipalidad de Casilda invita a todas las instituciones de la ciudad a formar parte del tradicional Desfile Patrio del 25 de Mayo\" \/>\n<meta name=\"robots\" content=\"index, follow, max-snippet:-1, max-image-preview:large, max-video-preview:-1\" \/>\n<link rel=\"canonical\" href=\"https:\/\/www.casilda.gob.ar\/web\/inscripcion-para-participar-del-desfile-del-25-de-mayo\/\" \/>\n<meta property=\"og:locale\" content=\"es_ES\" \/>\n<meta property=\"og:type\" content=\"article\" \/>\n<meta property=\"og:title\" content=\"INSCRIPCI\u00d3N PARA PARTICIPAR DEL DESFILE DEL 25 DE MAYO - Municipalidad de Casilda\" \/>\n<meta property=\"og:description\" content=\"La Municipalidad de Casilda invita a todas las instituciones de la ciudad a formar parte del tradicional Desfile Patrio del 25 de Mayo\" \/>\n<meta property=\"og:url\" content=\"https:\/\/www.casilda.gob.ar\/web\/inscripcion-para-participar-del-desfile-del-25-de-mayo\/\" \/>\n<meta property=\"og:site_name\" content=\"Municipalidad de Casilda\" \/>\n<meta property=\"article:published_time\" content=\"2026-04-29T12:04:34+00:00\" \/>\n<meta property=\"article:modified_time\" content=\"2026-04-29T12:35:25+00:00\" \/>\n<meta property=\"og:image\" content=\"https:\/\/www.casilda.gob.ar\/web\/wp-content\/uploads\/2026\/04\/PORTADA-NOTICIAS-2026-04-28T131046.886.png\" \/>\n\t<meta property=\"og:image:width\" content=\"1920\" \/>\n\t<meta property=\"og:image:height\" content=\"300\" \/>\n\t<meta property=\"og:image:type\" content=\"image\/png\" \/>\n<meta name=\"author\" content=\"Municipalidad Casilda\" \/>\n<meta name=\"twitter:card\" content=\"summary_large_image\" \/>\n<meta name=\"twitter:label1\" content=\"Escrito por\" \/>\n\t<meta name=\"twitter:data1\" content=\"Municipalidad Casilda\" \/>\n\t<meta name=\"twitter:label2\" content=\"Tiempo de lectura\" \/>\n\t<meta name=\"twitter:data2\" content=\"2 minutos\" \/>\n<script type=\"application\/ld+json\" class=\"yoast-schema-graph\">{\"@context\":\"https:\/\/schema.org\",\"@graph\":[{\"@type\":\"Article\",\"@id\":\"https:\/\/www.casilda.gob.ar\/web\/inscripcion-para-participar-del-desfile-del-25-de-mayo\/#article\",\"isPartOf\":{\"@id\":\"https:\/\/www.casilda.gob.ar\/web\/inscripcion-para-participar-del-desfile-del-25-de-mayo\/\"},\"author\":{\"name\":\"Municipalidad Casilda\",\"@id\":\"https:\/\/www.casilda.gob.ar\/web\/#\/schema\/person\/58b33e8739c17939e823ddc9bfedd309\"},\"headline\":\"INSCRIPCI\u00d3N PARA PARTICIPAR DEL DESFILE DEL 25 DE MAYO\",\"datePublished\":\"2026-04-29T12:04:34+00:00\",\"dateModified\":\"2026-04-29T12:35:25+00:00\",\"mainEntityOfPage\":{\"@id\":\"https:\/\/www.casilda.gob.ar\/web\/inscripcion-para-participar-del-desfile-del-25-de-mayo\/\"},\"wordCount\":271,\"commentCount\":0,\"image\":{\"@id\":\"https:\/\/www.casilda.gob.ar\/web\/inscripcion-para-participar-del-desfile-del-25-de-mayo\/#primaryimage\"},\"thumbnailUrl\":\"https:\/\/www.casilda.gob.ar\/web\/wp-content\/uploads\/2026\/04\/PORTADA-NOTICIAS-2026-04-28T131046.886.png\",\"articleSection\":[\"Eventos\",\"Inicio\",\"Noticias\",\"Noticiashot\"],\"inLanguage\":\"es\",\"potentialAction\":[{\"@type\":\"CommentAction\",\"name\":\"Comment\",\"target\":[\"https:\/\/www.casilda.gob.ar\/web\/inscripcion-para-participar-del-desfile-del-25-de-mayo\/#respond\"]}]},{\"@type\":\"WebPage\",\"@id\":\"https:\/\/www.casilda.gob.ar\/web\/inscripcion-para-participar-del-desfile-del-25-de-mayo\/\",\"url\":\"https:\/\/www.casilda.gob.ar\/web\/inscripcion-para-participar-del-desfile-del-25-de-mayo\/\",\"name\":\"INSCRIPCI\u00d3N PARA PARTICIPAR DEL DESFILE DEL 25 DE MAYO - Municipalidad de Casilda\",\"isPartOf\":{\"@id\":\"https:\/\/www.casilda.gob.ar\/web\/#website\"},\"primaryImageOfPage\":{\"@id\":\"https:\/\/www.casilda.gob.ar\/web\/inscripcion-para-participar-del-desfile-del-25-de-mayo\/#primaryimage\"},\"image\":{\"@id\":\"https:\/\/www.casilda.gob.ar\/web\/inscripcion-para-participar-del-desfile-del-25-de-mayo\/#primaryimage\"},\"thumbnailUrl\":\"https:\/\/www.casilda.gob.ar\/web\/wp-content\/uploads\/2026\/04\/PORTADA-NOTICIAS-2026-04-28T131046.886.png\",\"datePublished\":\"2026-04-29T12:04:34+00:00\",\"dateModified\":\"2026-04-29T12:35:25+00:00\",\"author\":{\"@id\":\"https:\/\/www.casilda.gob.ar\/web\/#\/schema\/person\/58b33e8739c17939e823ddc9bfedd309\"},\"description\":\"La Municipalidad de Casilda invita a todas las instituciones de la ciudad a formar parte del tradicional Desfile Patrio del 25 de Mayo\",\"breadcrumb\":{\"@id\":\"https:\/\/www.casilda.gob.ar\/web\/inscripcion-para-participar-del-desfile-del-25-de-mayo\/#breadcrumb\"},\"inLanguage\":\"es\",\"potentialAction\":[{\"@type\":\"ReadAction\",\"target\":[\"https:\/\/www.casilda.gob.ar\/web\/inscripcion-para-participar-del-desfile-del-25-de-mayo\/\"]}]},{\"@type\":\"ImageObject\",\"inLanguage\":\"es\",\"@id\":\"https:\/\/www.casilda.gob.ar\/web\/inscripcion-para-participar-del-desfile-del-25-de-mayo\/#primaryimage\",\"url\":\"https:\/\/www.casilda.gob.ar\/web\/wp-content\/uploads\/2026\/04\/PORTADA-NOTICIAS-2026-04-28T131046.886.png\",\"contentUrl\":\"https:\/\/www.casilda.gob.ar\/web\/wp-content\/uploads\/2026\/04\/PORTADA-NOTICIAS-2026-04-28T131046.886.png\",\"width\":1920,\"height\":300},{\"@type\":\"BreadcrumbList\",\"@id\":\"https:\/\/www.casilda.gob.ar\/web\/inscripcion-para-participar-del-desfile-del-25-de-mayo\/#breadcrumb\",\"itemListElement\":[{\"@type\":\"ListItem\",\"position\":1,\"name\":\"Inicio\",\"item\":\"https:\/\/www.casilda.gob.ar\/web\/\"},{\"@type\":\"ListItem\",\"position\":2,\"name\":\"Inicio\",\"item\":\"https:\/\/www.casilda.gob.ar\/web\/category\/inicio\/\"},{\"@type\":\"ListItem\",\"position\":3,\"name\":\"INSCRIPCI\u00d3N PARA PARTICIPAR DEL DESFILE DEL 25 DE MAYO\"}]},{\"@type\":\"WebSite\",\"@id\":\"https:\/\/www.casilda.gob.ar\/web\/#website\",\"url\":\"https:\/\/www.casilda.gob.ar\/web\/\",\"name\":\"Municipalidad de Casilda\",\"description\":\"Construyendo Futuro\",\"potentialAction\":[{\"@type\":\"SearchAction\",\"target\":{\"@type\":\"EntryPoint\",\"urlTemplate\":\"https:\/\/www.casilda.gob.ar\/web\/?s={search_term_string}\"},\"query-input\":{\"@type\":\"PropertyValueSpecification\",\"valueRequired\":true,\"valueName\":\"search_term_string\"}}],\"inLanguage\":\"es\"},{\"@type\":\"Person\",\"@id\":\"https:\/\/www.casilda.gob.ar\/web\/#\/schema\/person\/58b33e8739c17939e823ddc9bfedd309\",\"name\":\"Municipalidad Casilda\",\"image\":{\"@type\":\"ImageObject\",\"inLanguage\":\"es\",\"@id\":\"https:\/\/www.casilda.gob.ar\/web\/#\/schema\/person\/image\/\",\"url\":\"https:\/\/secure.gravatar.com\/avatar\/652ec9fc17fb13bfc80cca0acb6c0f02?s=96&d=mm&r=g\",\"contentUrl\":\"https:\/\/secure.gravatar.com\/avatar\/652ec9fc17fb13bfc80cca0acb6c0f02?s=96&d=mm&r=g\",\"caption\":\"Municipalidad Casilda\"},\"sameAs\":[\"https:\/\/www.casilda.gob.ar\/web\"],\"url\":\"https:\/\/www.casilda.gob.ar\/web\/author\/admin\/\"}]}<\/script>\n<!-- \/ Yoast SEO plugin. -->","yoast_head_json":{"title":"INSCRIPCI\u00d3N PARA PARTICIPAR DEL DESFILE DEL 25 DE MAYO - Municipalidad de Casilda","description":"La Municipalidad de Casilda invita a todas las instituciones de la ciudad a formar parte del tradicional Desfile Patrio del 25 de Mayo","robots":{"index":"index","follow":"follow","max-snippet":"max-snippet:-1","max-image-preview":"max-image-preview:large","max-video-preview":"max-video-preview:-1"},"canonical":"https:\/\/www.casilda.gob.ar\/web\/inscripcion-para-participar-del-desfile-del-25-de-mayo\/","og_locale":"es_ES","og_type":"article","og_title":"INSCRIPCI\u00d3N PARA PARTICIPAR DEL DESFILE DEL 25 DE MAYO - Municipalidad de Casilda","og_description":"La Municipalidad de Casilda invita a todas las instituciones de la ciudad a formar parte del tradicional Desfile Patrio del 25 de Mayo","og_url":"https:\/\/www.casilda.gob.ar\/web\/inscripcion-para-participar-del-desfile-del-25-de-mayo\/","og_site_name":"Municipalidad de Casilda","article_published_time":"2026-04-29T12:04:34+00:00","article_modified_time":"2026-04-29T12:35:25+00:00","og_image":[{"width":1920,"height":300,"url":"https:\/\/www.casilda.gob.ar\/web\/wp-content\/uploads\/2026\/04\/PORTADA-NOTICIAS-2026-04-28T131046.886.png","type":"image\/png"}],"author":"Municipalidad Casilda","twitter_card":"summary_large_image","twitter_misc":{"Escrito por":"Municipalidad Casilda","Tiempo de lectura":"2 minutos"},"schema":{"@context":"https:\/\/schema.org","@graph":[{"@type":"Article","@id":"https:\/\/www.casilda.gob.ar\/web\/inscripcion-para-participar-del-desfile-del-25-de-mayo\/#article","isPartOf":{"@id":"https:\/\/www.casilda.gob.ar\/web\/inscripcion-para-participar-del-desfile-del-25-de-mayo\/"},"author":{"name":"Municipalidad Casilda","@id":"https:\/\/www.casilda.gob.ar\/web\/#\/schema\/person\/58b33e8739c17939e823ddc9bfedd309"},"headline":"INSCRIPCI\u00d3N PARA PARTICIPAR DEL DESFILE DEL 25 DE MAYO","datePublished":"2026-04-29T12:04:34+00:00","dateModified":"2026-04-29T12:35:25+00:00","mainEntityOfPage":{"@id":"https:\/\/www.casilda.gob.ar\/web\/inscripcion-para-participar-del-desfile-del-25-de-mayo\/"},"wordCount":271,"commentCount":0,"image":{"@id":"https:\/\/www.casilda.gob.ar\/web\/inscripcion-para-participar-del-desfile-del-25-de-mayo\/#primaryimage"},"thumbnailUrl":"https:\/\/www.casilda.gob.ar\/web\/wp-content\/uploads\/2026\/04\/PORTADA-NOTICIAS-2026-04-28T131046.886.png","articleSection":["Eventos","Inicio","Noticias","Noticiashot"],"inLanguage":"es","potentialAction":[{"@type":"CommentAction","name":"Comment","target":["https:\/\/www.casilda.gob.ar\/web\/inscripcion-para-participar-del-desfile-del-25-de-mayo\/#respond"]}]},{"@type":"WebPage","@id":"https:\/\/www.casilda.gob.ar\/web\/inscripcion-para-participar-del-desfile-del-25-de-mayo\/","url":"https:\/\/www.casilda.gob.ar\/web\/inscripcion-para-participar-del-desfile-del-25-de-mayo\/","name":"INSCRIPCI\u00d3N PARA PARTICIPAR DEL DESFILE DEL 25 DE MAYO - Municipalidad de Casilda","isPartOf":{"@id":"https:\/\/www.casilda.gob.ar\/web\/#website"},"primaryImageOfPage":{"@id":"https:\/\/www.casilda.gob.ar\/web\/inscripcion-para-participar-del-desfile-del-25-de-mayo\/#primaryimage"},"image":{"@id":"https:\/\/www.casilda.gob.ar\/web\/inscripcion-para-participar-del-desfile-del-25-de-mayo\/#primaryimage"},"thumbnailUrl":"https:\/\/www.casilda.gob.ar\/web\/wp-content\/uploads\/2026\/04\/PORTADA-NOTICIAS-2026-04-28T131046.886.png","datePublished":"2026-04-29T12:04:34+00:00","dateModified":"2026-04-29T12:35:25+00:00","author":{"@id":"https:\/\/www.casilda.gob.ar\/web\/#\/schema\/person\/58b33e8739c17939e823ddc9bfedd309"},"description":"La Municipalidad de Casilda invita a todas las instituciones de la ciudad a formar parte del tradicional Desfile Patrio del 25 de Mayo","breadcrumb":{"@id":"https:\/\/www.casilda.gob.ar\/web\/inscripcion-para-participar-del-desfile-del-25-de-mayo\/#breadcrumb"},"inLanguage":"es","potentialAction":[{"@type":"ReadAction","target":["https:\/\/www.casilda.gob.ar\/web\/inscripcion-para-participar-del-desfile-del-25-de-mayo\/"]}]},{"@type":"ImageObject","inLanguage":"es","@id":"https:\/\/www.casilda.gob.ar\/web\/inscripcion-para-participar-del-desfile-del-25-de-mayo\/#primaryimage","url":"https:\/\/www.casilda.gob.ar\/web\/wp-content\/uploads\/2026\/04\/PORTADA-NOTICIAS-2026-04-28T131046.886.png","contentUrl":"https:\/\/www.casilda.gob.ar\/web\/wp-content\/uploads\/2026\/04\/PORTADA-NOTICIAS-2026-04-28T131046.886.png","width":1920,"height":300},{"@type":"BreadcrumbList","@id":"https:\/\/www.casilda.gob.ar\/web\/inscripcion-para-participar-del-desfile-del-25-de-mayo\/#breadcrumb","itemListElement":[{"@type":"ListItem","position":1,"name":"Inicio","item":"https:\/\/www.casilda.gob.ar\/web\/"},{"@type":"ListItem","position":2,"name":"Inicio","item":"https:\/\/www.casilda.gob.ar\/web\/category\/inicio\/"},{"@type":"ListItem","position":3,"name":"INSCRIPCI\u00d3N PARA PARTICIPAR DEL DESFILE DEL 25 DE MAYO"}]},{"@type":"WebSite","@id":"https:\/\/www.casilda.gob.ar\/web\/#website","url":"https:\/\/www.casilda.gob.ar\/web\/","name":"Municipalidad de Casilda","description":"Construyendo Futuro","potentialAction":[{"@type":"SearchAction","target":{"@type":"EntryPoint","urlTemplate":"https:\/\/www.casilda.gob.ar\/web\/?s={search_term_string}"},"query-input":{"@type":"PropertyValueSpecification","valueRequired":true,"valueName":"search_term_string"}}],"inLanguage":"es"},{"@type":"Person","@id":"https:\/\/www.casilda.gob.ar\/web\/#\/schema\/person\/58b33e8739c17939e823ddc9bfedd309","name":"Municipalidad Casilda","image":{"@type":"ImageObject","inLanguage":"es","@id":"https:\/\/www.casilda.gob.ar\/web\/#\/schema\/person\/image\/","url":"https:\/\/secure.gravatar.com\/avatar\/652ec9fc17fb13bfc80cca0acb6c0f02?s=96&d=mm&r=g","contentUrl":"https:\/\/secure.gravatar.com\/avatar\/652ec9fc17fb13bfc80cca0acb6c0f02?s=96&d=mm&r=g","caption":"Municipalidad Casilda"},"sameAs":["https:\/\/www.casilda.gob.ar\/web"],"url":"https:\/\/www.casilda.gob.ar\/web\/author\/admin\/"}]}},"uagb_featured_image_src":{"full":["https:\/\/www.casilda.gob.ar\/web\/wp-content\/uploads\/2026\/04\/PORTADA-NOTICIAS-2026-04-28T131046.886.png",1920,300,false],"thumbnail":["https:\/\/www.casilda.gob.ar\/web\/wp-content\/uploads\/2026\/04\/PORTADA-NOTICIAS-2026-04-28T131046.886-150x150.png",150,150,true],"medium":["https:\/\/www.casilda.gob.ar\/web\/wp-content\/uploads\/2026\/04\/PORTADA-NOTICIAS-2026-04-28T131046.886-300x47.png",300,47,true],"medium_large":["https:\/\/www.casilda.gob.ar\/web\/wp-content\/uploads\/2026\/04\/PORTADA-NOTICIAS-2026-04-28T131046.886-768x120.png",768,120,true],"large":["https:\/\/www.casilda.gob.ar\/web\/wp-content\/uploads\/2026\/04\/PORTADA-NOTICIAS-2026-04-28T131046.886-1024x160.png",1024,160,true],"1536x1536":["https:\/\/www.casilda.gob.ar\/web\/wp-content\/uploads\/2026\/04\/PORTADA-NOTICIAS-2026-04-28T131046.886-1536x240.png",1536,240,true],"2048x2048":["https:\/\/www.casilda.gob.ar\/web\/wp-content\/uploads\/2026\/04\/PORTADA-NOTICIAS-2026-04-28T131046.886.png",1920,300,false]},"uagb_author_info":{"display_name":"Municipalidad Casilda","author_link":"https:\/\/www.casilda.gob.ar\/web\/author\/admin\/"},"uagb_comment_info":0,"uagb_excerpt":"ABRIMOS LA INSCRIPCI\u00d3N PARA PARTICIPAR DEL TRADICIONAL DESFILE DEL 25 DE MAYO La Municipalidad de Casilda invita a todas las instituciones de la ciudad a formar parte del tradicional Desfile Patrio del 25 de Mayo, una de las celebraciones m\u00e1s significativas para nuestra comunidad, que cada a\u00f1o re\u00fane a vecinos, organizaciones y familias en un&hellip;","_links":{"self":[{"href":"https:\/\/www.casilda.gob.ar\/web\/wp-json\/wp\/v2\/posts\/15944","targetHints":{"allow":["GET"]}}],"collection":[{"href":"https:\/\/www.casilda.gob.ar\/web\/wp-json\/wp\/v2\/posts"}],"about":[{"href":"https:\/\/www.casilda.gob.ar\/web\/wp-json\/wp\/v2\/types\/post"}],"author":[{"embeddable":true,"href":"https:\/\/www.casilda.gob.ar\/web\/wp-json\/wp\/v2\/users\/1"}],"replies":[{"embeddable":true,"href":"https:\/\/www.casilda.gob.ar\/web\/wp-json\/wp\/v2\/comments?post=15944"}],"version-history":[{"count":7,"href":"https:\/\/www.casilda.gob.ar\/web\/wp-json\/wp\/v2\/posts\/15944\/revisions"}],"predecessor-version":[{"id":15961,"href":"https:\/\/www.casilda.gob.ar\/web\/wp-json\/wp\/v2\/posts\/15944\/revisions\/15961"}],"wp:featuredmedia":[{"embeddable":true,"href":"https:\/\/www.casilda.gob.ar\/web\/wp-json\/wp\/v2\/media\/15946"}],"wp:attachment":[{"href":"https:\/\/www.casilda.gob.ar\/web\/wp-json\/wp\/v2\/media?parent=15944"}],"wp:term":[{"taxonomy":"category","embeddable":true,"href":"https:\/\/www.casilda.gob.ar\/web\/wp-json\/wp\/v2\/categories?post=15944"},{"taxonomy":"post_tag","embeddable":true,"href":"https:\/\/www.casilda.gob.ar\/web\/wp-json\/wp\/v2\/tags?post=15944"}],"curies":[{"name":"wp","href":"https:\/\/api.w.org\/{rel}","templated":true}]}}